{"id":4121,"date":"2024-05-03T08:59:58","date_gmt":"2024-05-03T06:59:58","guid":{"rendered":"https:\/\/dehas.de\/el-ministerio-federal-de-educacion-e-investigacion-dice-esto-hay-que-fomentarlo\/"},"modified":"2024-05-03T08:59:58","modified_gmt":"2024-05-03T06:59:58","slug":"el-ministerio-federal-de-educacion-e-investigacion-dice-esto-hay-que-fomentarlo","status":"publish","type":"post","link":"https:\/\/dehas.de\/es\/el-ministerio-federal-de-educacion-e-investigacion-dice-esto-hay-que-fomentarlo\/","title":{"rendered":"El Ministerio Federal de Educaci\u00f3n e Investigaci\u00f3n dice: \u00ab\u00a1Esto hay que fomentarlo!\u00bb."},"content":{"rendered":"<p>DEHAS lleva a\u00f1os investigando y desarrollando productos relacionados con el ox\u00edgeno medicinal, su aplicaci\u00f3n, dosificaci\u00f3n y mezcla, as\u00ed como la visualizaci\u00f3n y medici\u00f3n de los par\u00e1metros vitales resultantes. Ahora estamos reconocidos por el <strong>organismo de certificaci\u00f3n de derechos de investigaci\u00f3n<\/strong>.<br \/>\n\u00abEl sello BSFZ es una prueba de experiencia en innovaci\u00f3n empresarial. Esto se debe a que la BSFZ s\u00f3lo concede el sello a las empresas que pueden optar a financiaci\u00f3n a trav\u00e9s de la ayuda a la investigaci\u00f3n. Pueden hacerlo si la BSFZ confirma que est\u00e1n investigando y desarrollando\u00bb.<\/p>\n","protected":false},"excerpt":{"rendered":"<p>DEHAS lleva a\u00f1os investigando y desarrollando productos relacionados con el ox\u00edgeno medicinal, su aplicaci\u00f3n, dosificaci\u00f3n y mezcla, as\u00ed como la visualizaci\u00f3n y medici\u00f3n de los par\u00e1metros vitales resultantes. Ahora estamos reconocidos por el organismo de certificaci\u00f3n de derechos de investigaci\u00f3n. \u00abEl sello BSFZ es una prueba de experiencia en innovaci\u00f3n empresarial. Esto se debe a [&hellip;]<\/p>\n","protected":false},"author":8,"featured_media":4125,"comment_status":"open","ping_status":"open","sticky":false,"template":"","format":"standard","meta":{"footnotes":""},"categories":[118],"tags":[],"class_list":["post-4121","post","type-post","status-publish","format-standard","has-post-thumbnail","hentry","category-noticias-de-la-empresa"],"yoast_head":"<!-- This site is optimized with the Yoast SEO plugin v27.4 - https:\/\/yoast.com\/product\/yoast-seo-wordpress\/ -->\n<title>El Ministerio Federal de Educaci\u00f3n e Investigaci\u00f3n dice: &quot;\u00a1Esto hay que fomentarlo!&quot;. | DEHAS Medical Systems GmbH<\/title>\n<meta name=\"description\" content=\"Erfahren Sie als H\u00e4ndler mehr \u00fcber die neuen Ansprechpartner bei DEHAS Medical Systems GmbH. Aktuelle News, Infos und Kontakte auf unserer Website.\" \/>\n<meta name=\"robots\" content=\"index, follow, max-snippet:-1, max-image-preview:large, max-video-preview:-1\" \/>\n<link rel=\"canonical\" href=\"https:\/\/dehas.de\/es\/el-ministerio-federal-de-educacion-e-investigacion-dice-esto-hay-que-fomentarlo\/\" \/>\n<meta property=\"og:locale\" content=\"es_ES\" \/>\n<meta property=\"og:type\" content=\"article\" \/>\n<meta property=\"og:title\" content=\"El Ministerio Federal de Educaci\u00f3n e Investigaci\u00f3n dice: &quot;\u00a1Esto hay que fomentarlo!&quot;. | DEHAS Medical Systems GmbH\" \/>\n<meta property=\"og:description\" content=\"Erfahren Sie als H\u00e4ndler mehr \u00fcber die neuen Ansprechpartner bei DEHAS Medical Systems GmbH. Aktuelle News, Infos und Kontakte auf unserer Website.\" \/>\n<meta property=\"og:url\" content=\"https:\/\/dehas.de\/es\/el-ministerio-federal-de-educacion-e-investigacion-dice-esto-hay-que-fomentarlo\/\" \/>\n<meta property=\"og:site_name\" content=\"DEHAS Medical Systems GmbH\" \/>\n<meta property=\"article:published_time\" content=\"2024-05-03T06:59:58+00:00\" \/>\n<meta property=\"og:image\" content=\"https:\/\/dehas.de\/wp-content\/uploads\/2024\/05\/BSFZ_Siegel_RGB_1024x576.png\" \/>\n\t<meta property=\"og:image:width\" content=\"1024\" \/>\n\t<meta property=\"og:image:height\" content=\"576\" \/>\n\t<meta property=\"og:image:type\" content=\"image\/png\" \/>\n<meta name=\"author\" content=\"Dietrich Hase\" \/>\n<meta name=\"twitter:card\" content=\"summary_large_image\" \/>\n<meta name=\"twitter:label1\" content=\"Escrito por\" \/>\n\t<meta name=\"twitter:data1\" content=\"Dietrich Hase\" \/>\n\t<meta name=\"twitter:label2\" content=\"Tiempo de lectura\" \/>\n\t<meta name=\"twitter:data2\" content=\"1 minuto\" \/>\n<script type=\"application\/ld+json\" class=\"yoast-schema-graph\">{\"@context\":\"https:\\\/\\\/schema.org\",\"@graph\":[{\"@type\":[\"Article\",\"BlogPosting\"],\"@id\":\"https:\\\/\\\/dehas.de\\\/es\\\/el-ministerio-federal-de-educacion-e-investigacion-dice-esto-hay-que-fomentarlo\\\/#article\",\"isPartOf\":{\"@id\":\"https:\\\/\\\/dehas.de\\\/es\\\/el-ministerio-federal-de-educacion-e-investigacion-dice-esto-hay-que-fomentarlo\\\/\"},\"author\":{\"name\":\"Dietrich Hase\",\"@id\":\"https:\\\/\\\/dehas.de\\\/es\\\/#\\\/schema\\\/person\\\/17fda2dc9ec7a80a2342321153a86d8c\"},\"headline\":\"El Ministerio Federal de Educaci\u00f3n e Investigaci\u00f3n dice: \u00ab\u00a1Esto hay que fomentarlo!\u00bb.\",\"datePublished\":\"2024-05-03T06:59:58+00:00\",\"mainEntityOfPage\":{\"@id\":\"https:\\\/\\\/dehas.de\\\/es\\\/el-ministerio-federal-de-educacion-e-investigacion-dice-esto-hay-que-fomentarlo\\\/\"},\"wordCount\":118,\"commentCount\":0,\"publisher\":{\"@id\":\"https:\\\/\\\/dehas.de\\\/es\\\/#organization\"},\"image\":{\"@id\":\"https:\\\/\\\/dehas.de\\\/es\\\/el-ministerio-federal-de-educacion-e-investigacion-dice-esto-hay-que-fomentarlo\\\/#primaryimage\"},\"thumbnailUrl\":\"https:\\\/\\\/dehas.de\\\/wp-content\\\/uploads\\\/2024\\\/05\\\/BSFZ_Siegel_RGB_1024x576.png\",\"articleSection\":[\"Noticias de la empresa\"],\"inLanguage\":\"es\",\"potentialAction\":[{\"@type\":\"CommentAction\",\"name\":\"Comment\",\"target\":[\"https:\\\/\\\/dehas.de\\\/es\\\/el-ministerio-federal-de-educacion-e-investigacion-dice-esto-hay-que-fomentarlo\\\/#respond\"]}]},{\"@type\":[\"WebPage\",\"ItemPage\"],\"@id\":\"https:\\\/\\\/dehas.de\\\/es\\\/el-ministerio-federal-de-educacion-e-investigacion-dice-esto-hay-que-fomentarlo\\\/\",\"url\":\"https:\\\/\\\/dehas.de\\\/es\\\/el-ministerio-federal-de-educacion-e-investigacion-dice-esto-hay-que-fomentarlo\\\/\",\"name\":\"El Ministerio Federal de Educaci\u00f3n e Investigaci\u00f3n dice: \\\"\u00a1Esto hay que fomentarlo!\\\". | DEHAS Medical Systems GmbH\",\"isPartOf\":{\"@id\":\"https:\\\/\\\/dehas.de\\\/es\\\/#website\"},\"primaryImageOfPage\":{\"@id\":\"https:\\\/\\\/dehas.de\\\/es\\\/el-ministerio-federal-de-educacion-e-investigacion-dice-esto-hay-que-fomentarlo\\\/#primaryimage\"},\"image\":{\"@id\":\"https:\\\/\\\/dehas.de\\\/es\\\/el-ministerio-federal-de-educacion-e-investigacion-dice-esto-hay-que-fomentarlo\\\/#primaryimage\"},\"thumbnailUrl\":\"https:\\\/\\\/dehas.de\\\/wp-content\\\/uploads\\\/2024\\\/05\\\/BSFZ_Siegel_RGB_1024x576.png\",\"datePublished\":\"2024-05-03T06:59:58+00:00\",\"description\":\"Erfahren Sie als H\u00e4ndler mehr \u00fcber die neuen Ansprechpartner bei DEHAS Medical Systems GmbH. Aktuelle News, Infos und Kontakte auf unserer Website.\",\"breadcrumb\":{\"@id\":\"https:\\\/\\\/dehas.de\\\/es\\\/el-ministerio-federal-de-educacion-e-investigacion-dice-esto-hay-que-fomentarlo\\\/#breadcrumb\"},\"inLanguage\":\"es\",\"potentialAction\":[{\"@type\":\"ReadAction\",\"target\":[\"https:\\\/\\\/dehas.de\\\/es\\\/el-ministerio-federal-de-educacion-e-investigacion-dice-esto-hay-que-fomentarlo\\\/\"]}]},{\"@type\":\"ImageObject\",\"inLanguage\":\"es\",\"@id\":\"https:\\\/\\\/dehas.de\\\/es\\\/el-ministerio-federal-de-educacion-e-investigacion-dice-esto-hay-que-fomentarlo\\\/#primaryimage\",\"url\":\"https:\\\/\\\/dehas.de\\\/wp-content\\\/uploads\\\/2024\\\/05\\\/BSFZ_Siegel_RGB_1024x576.png\",\"contentUrl\":\"https:\\\/\\\/dehas.de\\\/wp-content\\\/uploads\\\/2024\\\/05\\\/BSFZ_Siegel_RGB_1024x576.png\",\"width\":1024,\"height\":576},{\"@type\":\"BreadcrumbList\",\"@id\":\"https:\\\/\\\/dehas.de\\\/es\\\/el-ministerio-federal-de-educacion-e-investigacion-dice-esto-hay-que-fomentarlo\\\/#breadcrumb\",\"itemListElement\":[{\"@type\":\"ListItem\",\"position\":1,\"name\":\"Home\",\"item\":\"https:\\\/\\\/dehas.de\\\/es\\\/pagina-de-inicio\\\/\"},{\"@type\":\"ListItem\",\"position\":2,\"name\":\"El Ministerio Federal de Educaci\u00f3n e Investigaci\u00f3n dice: &#8222;\u00a1Esto hay que fomentarlo!&#8220;.\"}]},{\"@type\":\"WebSite\",\"@id\":\"https:\\\/\\\/dehas.de\\\/es\\\/#website\",\"url\":\"https:\\\/\\\/dehas.de\\\/es\\\/\",\"name\":\"DEHAS Medical Systems GmbH\",\"description\":\"\",\"publisher\":{\"@id\":\"https:\\\/\\\/dehas.de\\\/es\\\/#organization\"},\"potentialAction\":[{\"@type\":\"SearchAction\",\"target\":{\"@type\":\"EntryPoint\",\"urlTemplate\":\"https:\\\/\\\/dehas.de\\\/es\\\/?s={search_term_string}\"},\"query-input\":{\"@type\":\"PropertyValueSpecification\",\"valueRequired\":true,\"valueName\":\"search_term_string\"}}],\"inLanguage\":\"es\"},{\"@type\":\"Organization\",\"@id\":\"https:\\\/\\\/dehas.de\\\/es\\\/#organization\",\"name\":\"DEHAS Medical Systems GmbH\",\"url\":\"https:\\\/\\\/dehas.de\\\/es\\\/\",\"logo\":{\"@type\":\"ImageObject\",\"inLanguage\":\"es\",\"@id\":\"https:\\\/\\\/dehas.de\\\/es\\\/#\\\/schema\\\/logo\\\/image\\\/\",\"url\":\"https:\\\/\\\/dehas.de\\\/wp-content\\\/uploads\\\/2022\\\/06\\\/dehas-logo-1.png\",\"contentUrl\":\"https:\\\/\\\/dehas.de\\\/wp-content\\\/uploads\\\/2022\\\/06\\\/dehas-logo-1.png\",\"width\":541,\"height\":197,\"caption\":\"DEHAS Medical Systems GmbH\"},\"image\":{\"@id\":\"https:\\\/\\\/dehas.de\\\/es\\\/#\\\/schema\\\/logo\\\/image\\\/\"}},{\"@type\":\"Person\",\"@id\":\"https:\\\/\\\/dehas.de\\\/es\\\/#\\\/schema\\\/person\\\/17fda2dc9ec7a80a2342321153a86d8c\",\"name\":\"Dietrich Hase\",\"image\":{\"@type\":\"ImageObject\",\"inLanguage\":\"es\",\"@id\":\"https:\\\/\\\/secure.gravatar.com\\\/avatar\\\/b0901674519eefa2988784a1ce401a00ef06e71f0f219c1b2df42b0e5664671f?s=96&d=mm&r=g\",\"url\":\"https:\\\/\\\/secure.gravatar.com\\\/avatar\\\/b0901674519eefa2988784a1ce401a00ef06e71f0f219c1b2df42b0e5664671f?s=96&d=mm&r=g\",\"contentUrl\":\"https:\\\/\\\/secure.gravatar.com\\\/avatar\\\/b0901674519eefa2988784a1ce401a00ef06e71f0f219c1b2df42b0e5664671f?s=96&d=mm&r=g\",\"caption\":\"Dietrich Hase\"}}]}<\/script>\n<!-- \/ Yoast SEO plugin. -->","yoast_head_json":{"title":"El Ministerio Federal de Educaci\u00f3n e Investigaci\u00f3n dice: \"\u00a1Esto hay que fomentarlo!\". | DEHAS Medical Systems GmbH","description":"Erfahren Sie als H\u00e4ndler mehr \u00fcber die neuen Ansprechpartner bei DEHAS Medical Systems GmbH. Aktuelle News, Infos und Kontakte auf unserer Website.","robots":{"index":"index","follow":"follow","max-snippet":"max-snippet:-1","max-image-preview":"max-image-preview:large","max-video-preview":"max-video-preview:-1"},"canonical":"https:\/\/dehas.de\/es\/el-ministerio-federal-de-educacion-e-investigacion-dice-esto-hay-que-fomentarlo\/","og_locale":"es_ES","og_type":"article","og_title":"El Ministerio Federal de Educaci\u00f3n e Investigaci\u00f3n dice: \"\u00a1Esto hay que fomentarlo!\". | DEHAS Medical Systems GmbH","og_description":"Erfahren Sie als H\u00e4ndler mehr \u00fcber die neuen Ansprechpartner bei DEHAS Medical Systems GmbH. Aktuelle News, Infos und Kontakte auf unserer Website.","og_url":"https:\/\/dehas.de\/es\/el-ministerio-federal-de-educacion-e-investigacion-dice-esto-hay-que-fomentarlo\/","og_site_name":"DEHAS Medical Systems GmbH","article_published_time":"2024-05-03T06:59:58+00:00","og_image":[{"width":1024,"height":576,"url":"https:\/\/dehas.de\/wp-content\/uploads\/2024\/05\/BSFZ_Siegel_RGB_1024x576.png","type":"image\/png"}],"author":"Dietrich Hase","twitter_card":"summary_large_image","twitter_misc":{"Escrito por":"Dietrich Hase","Tiempo de lectura":"1 minuto"},"schema":{"@context":"https:\/\/schema.org","@graph":[{"@type":["Article","BlogPosting"],"@id":"https:\/\/dehas.de\/es\/el-ministerio-federal-de-educacion-e-investigacion-dice-esto-hay-que-fomentarlo\/#article","isPartOf":{"@id":"https:\/\/dehas.de\/es\/el-ministerio-federal-de-educacion-e-investigacion-dice-esto-hay-que-fomentarlo\/"},"author":{"name":"Dietrich Hase","@id":"https:\/\/dehas.de\/es\/#\/schema\/person\/17fda2dc9ec7a80a2342321153a86d8c"},"headline":"El Ministerio Federal de Educaci\u00f3n e Investigaci\u00f3n dice: \u00ab\u00a1Esto hay que fomentarlo!\u00bb.","datePublished":"2024-05-03T06:59:58+00:00","mainEntityOfPage":{"@id":"https:\/\/dehas.de\/es\/el-ministerio-federal-de-educacion-e-investigacion-dice-esto-hay-que-fomentarlo\/"},"wordCount":118,"commentCount":0,"publisher":{"@id":"https:\/\/dehas.de\/es\/#organization"},"image":{"@id":"https:\/\/dehas.de\/es\/el-ministerio-federal-de-educacion-e-investigacion-dice-esto-hay-que-fomentarlo\/#primaryimage"},"thumbnailUrl":"https:\/\/dehas.de\/wp-content\/uploads\/2024\/05\/BSFZ_Siegel_RGB_1024x576.png","articleSection":["Noticias de la empresa"],"inLanguage":"es","potentialAction":[{"@type":"CommentAction","name":"Comment","target":["https:\/\/dehas.de\/es\/el-ministerio-federal-de-educacion-e-investigacion-dice-esto-hay-que-fomentarlo\/#respond"]}]},{"@type":["WebPage","ItemPage"],"@id":"https:\/\/dehas.de\/es\/el-ministerio-federal-de-educacion-e-investigacion-dice-esto-hay-que-fomentarlo\/","url":"https:\/\/dehas.de\/es\/el-ministerio-federal-de-educacion-e-investigacion-dice-esto-hay-que-fomentarlo\/","name":"El Ministerio Federal de Educaci\u00f3n e Investigaci\u00f3n dice: \"\u00a1Esto hay que fomentarlo!\". | DEHAS Medical Systems GmbH","isPartOf":{"@id":"https:\/\/dehas.de\/es\/#website"},"primaryImageOfPage":{"@id":"https:\/\/dehas.de\/es\/el-ministerio-federal-de-educacion-e-investigacion-dice-esto-hay-que-fomentarlo\/#primaryimage"},"image":{"@id":"https:\/\/dehas.de\/es\/el-ministerio-federal-de-educacion-e-investigacion-dice-esto-hay-que-fomentarlo\/#primaryimage"},"thumbnailUrl":"https:\/\/dehas.de\/wp-content\/uploads\/2024\/05\/BSFZ_Siegel_RGB_1024x576.png","datePublished":"2024-05-03T06:59:58+00:00","description":"Erfahren Sie als H\u00e4ndler mehr \u00fcber die neuen Ansprechpartner bei DEHAS Medical Systems GmbH. Aktuelle News, Infos und Kontakte auf unserer Website.","breadcrumb":{"@id":"https:\/\/dehas.de\/es\/el-ministerio-federal-de-educacion-e-investigacion-dice-esto-hay-que-fomentarlo\/#breadcrumb"},"inLanguage":"es","potentialAction":[{"@type":"ReadAction","target":["https:\/\/dehas.de\/es\/el-ministerio-federal-de-educacion-e-investigacion-dice-esto-hay-que-fomentarlo\/"]}]},{"@type":"ImageObject","inLanguage":"es","@id":"https:\/\/dehas.de\/es\/el-ministerio-federal-de-educacion-e-investigacion-dice-esto-hay-que-fomentarlo\/#primaryimage","url":"https:\/\/dehas.de\/wp-content\/uploads\/2024\/05\/BSFZ_Siegel_RGB_1024x576.png","contentUrl":"https:\/\/dehas.de\/wp-content\/uploads\/2024\/05\/BSFZ_Siegel_RGB_1024x576.png","width":1024,"height":576},{"@type":"BreadcrumbList","@id":"https:\/\/dehas.de\/es\/el-ministerio-federal-de-educacion-e-investigacion-dice-esto-hay-que-fomentarlo\/#breadcrumb","itemListElement":[{"@type":"ListItem","position":1,"name":"Home","item":"https:\/\/dehas.de\/es\/pagina-de-inicio\/"},{"@type":"ListItem","position":2,"name":"El Ministerio Federal de Educaci\u00f3n e Investigaci\u00f3n dice: &#8222;\u00a1Esto hay que fomentarlo!&#8220;."}]},{"@type":"WebSite","@id":"https:\/\/dehas.de\/es\/#website","url":"https:\/\/dehas.de\/es\/","name":"DEHAS Medical Systems GmbH","description":"","publisher":{"@id":"https:\/\/dehas.de\/es\/#organization"},"potentialAction":[{"@type":"SearchAction","target":{"@type":"EntryPoint","urlTemplate":"https:\/\/dehas.de\/es\/?s={search_term_string}"},"query-input":{"@type":"PropertyValueSpecification","valueRequired":true,"valueName":"search_term_string"}}],"inLanguage":"es"},{"@type":"Organization","@id":"https:\/\/dehas.de\/es\/#organization","name":"DEHAS Medical Systems GmbH","url":"https:\/\/dehas.de\/es\/","logo":{"@type":"ImageObject","inLanguage":"es","@id":"https:\/\/dehas.de\/es\/#\/schema\/logo\/image\/","url":"https:\/\/dehas.de\/wp-content\/uploads\/2022\/06\/dehas-logo-1.png","contentUrl":"https:\/\/dehas.de\/wp-content\/uploads\/2022\/06\/dehas-logo-1.png","width":541,"height":197,"caption":"DEHAS Medical Systems GmbH"},"image":{"@id":"https:\/\/dehas.de\/es\/#\/schema\/logo\/image\/"}},{"@type":"Person","@id":"https:\/\/dehas.de\/es\/#\/schema\/person\/17fda2dc9ec7a80a2342321153a86d8c","name":"Dietrich Hase","image":{"@type":"ImageObject","inLanguage":"es","@id":"https:\/\/secure.gravatar.com\/avatar\/b0901674519eefa2988784a1ce401a00ef06e71f0f219c1b2df42b0e5664671f?s=96&d=mm&r=g","url":"https:\/\/secure.gravatar.com\/avatar\/b0901674519eefa2988784a1ce401a00ef06e71f0f219c1b2df42b0e5664671f?s=96&d=mm&r=g","contentUrl":"https:\/\/secure.gravatar.com\/avatar\/b0901674519eefa2988784a1ce401a00ef06e71f0f219c1b2df42b0e5664671f?s=96&d=mm&r=g","caption":"Dietrich Hase"}}]}},"_links":{"self":[{"href":"https:\/\/dehas.de\/es\/wp-json\/wp\/v2\/posts\/4121","targetHints":{"allow":["GET"]}}],"collection":[{"href":"https:\/\/dehas.de\/es\/wp-json\/wp\/v2\/posts"}],"about":[{"href":"https:\/\/dehas.de\/es\/wp-json\/wp\/v2\/types\/post"}],"author":[{"embeddable":true,"href":"https:\/\/dehas.de\/es\/wp-json\/wp\/v2\/users\/8"}],"replies":[{"embeddable":true,"href":"https:\/\/dehas.de\/es\/wp-json\/wp\/v2\/comments?post=4121"}],"version-history":[{"count":0,"href":"https:\/\/dehas.de\/es\/wp-json\/wp\/v2\/posts\/4121\/revisions"}],"wp:featuredmedia":[{"embeddable":true,"href":"https:\/\/dehas.de\/es\/wp-json\/wp\/v2\/media\/4125"}],"wp:attachment":[{"href":"https:\/\/dehas.de\/es\/wp-json\/wp\/v2\/media?parent=4121"}],"wp:term":[{"taxonomy":"category","embeddable":true,"href":"https:\/\/dehas.de\/es\/wp-json\/wp\/v2\/categories?post=4121"},{"taxonomy":"post_tag","embeddable":true,"href":"https:\/\/dehas.de\/es\/wp-json\/wp\/v2\/tags?post=4121"}],"curies":[{"name":"wp","href":"https:\/\/api.w.org\/{rel}","templated":true}]}}